[{"@context":"https:\/\/schema.org\/","@type":"Article","@id":"https:\/\/www.e-w.cz\/sezonni-i-celorocni-uzivani\/#Article","mainEntityOfPage":"https:\/\/www.e-w.cz\/sezonni-i-celorocni-uzivani\/","headline":"Sez\u00f3nn\u00ed i celoro\u010dn\u00ed u\u017e\u00edv\u00e1n\u00ed","name":"Sez\u00f3nn\u00ed i celoro\u010dn\u00ed u\u017e\u00edv\u00e1n\u00ed","description":"R\u00e1di byste si po\u0159\u00eddili novou chati\u010dku nebo chaloupku pro sv\u00e9 letn\u00ed dovolen\u00e9? M\u00e1te sv\u016fj pozemek ji\u017e l\u00e9ta, ov\u0161em nesm\u00ed se na n\u011bj z moci \u00fa\u0159edn\u00ed stav\u011bt? A p\u0159itom pr\u00e1v\u011b tam by se v\u00e1m chata nebo chalupa moc l\u00edbila? Stav\u011bt na \u010derno v\u00e1m rozhodn\u011b nedoporu\u010d\u00edme. Co v\u00e1m ale doporu\u010dit m\u016f\u017eeme, je n\u00e1v\u0161t\u011bva na\u0161\u00ed prodejny a zakoupen\u00ed [&hellip;]","datePublished":"2025-01-05","dateModified":"2025-01-05","author":{"@type":"Person","@id":"https:\/\/www.e-w.cz\/author\/#Person","name":"","url":"https:\/\/www.e-w.cz\/author\/","identifier":1,"image":{"@type":"ImageObject","@id":"https:\/\/secure.gravatar.com\/avatar\/188853cc08cfc4af3f5ef42e51d7aa754653be0300e41daf30a10471d44d4592?s=96&d=mm&r=g","url":"https:\/\/secure.gravatar.com\/avatar\/188853cc08cfc4af3f5ef42e51d7aa754653be0300e41daf30a10471d44d4592?s=96&d=mm&r=g","height":96,"width":96}},"publisher":{"@type":"Organization","name":"e-w.cz","logo":{"@type":"ImageObject","@id":"\/logo.png","url":"\/logo.png","width":600,"height":60}},"url":"https:\/\/www.e-w.cz\/sezonni-i-celorocni-uzivani\/","wordCount":159,"articleBody":"R\u00e1di byste si po\u0159\u00eddili novou chati\u010dku nebo chaloupku pro sv\u00e9 letn\u00ed dovolen\u00e9? M\u00e1te sv\u016fj pozemek ji\u017e l\u00e9ta, ov\u0161em nesm\u00ed se na n\u011bj z moci \u00fa\u0159edn\u00ed stav\u011bt? A p\u0159itom pr\u00e1v\u011b tam by se v\u00e1m chata nebo chalupa moc l\u00edbila? Stav\u011bt na \u010derno v\u00e1m rozhodn\u011b nedoporu\u010d\u00edme. Co v\u00e1m ale doporu\u010dit m\u016f\u017eeme, je n\u00e1v\u0161t\u011bva na\u0161\u00ed prodejny a zakoupen\u00ed mobiln\u00edho domu. Vybaven\u00e9 bydlen\u00ed Cht\u011bli byste bydlen\u00ed, kter\u00e9 bude u\u017e rovnou vybaven\u00e9 n\u00e1bytkem? Cht\u011bli byste se rovnou nast\u011bhovat a spokojen\u011b si bydlet? A\u0165 u\u017e chcete rekrea\u010dn\u00ed bydlen\u00ed na l\u00e9to nebo na zimu, mobiln\u00ed domy jsou t\u00edm prav\u00fdm \u0159e\u0161en\u00edm pr\u00e1v\u011b pro v\u00e1s. Minimum n\u00e1klad\u016f, proto\u017ee po\u0159izovac\u00ed cena tohoto bydlen\u00ed je skute\u010dn\u011b n\u00edzk\u00e1 oproti klasick\u00e9mu bydlen\u00ed a nav\u00edc absence nutnosti vy\u0159izovat stavebn\u00ed povolen\u00ed.                                                                                                                                                                                                                                                                                                                                                                                                "},{"@context":"https:\/\/schema.org\/","@type":"BreadcrumbList","itemListElement":[{"@type":"ListItem","position":1,"name":"Sez\u00f3nn\u00ed i celoro\u010dn\u00ed u\u017e\u00edv\u00e1n\u00ed","item":"https:\/\/www.e-w.cz\/sezonni-i-celorocni-uzivani\/#breadcrumbitem"}]}]