[{"@context":"https:\/\/schema.org\/","@type":"Article","@id":"https:\/\/www.e-w.cz\/retro-nabytek\/#Article","mainEntityOfPage":"https:\/\/www.e-w.cz\/retro-nabytek\/","headline":"Retro n\u00e1bytek","name":"Retro n\u00e1bytek","description":"Star\u00fd p\u0159\u00edborn\u00edk Svetpokladu je velmi p\u011bkn\u00e1 dekorace, a\u0165 u\u017e se jedn\u00e1 o nov\u00fd nebo star\u00fd interi\u00e9r. V\u00edte, v dne\u0161n\u00ed dob\u011b se u\u017e tak moc extra nehraje na to, jak m\u00e1te za\u0159\u00edzen\u00fd interi\u00e9r. Dnes je pr\u00e1ce docela in m\u00edt doma kus moderny, ale k tomu i n\u011bco retro nebo n\u011bco star\u00e9. V\u017edy\u0165 to tak n\u011bjak podobn\u011b [&hellip;]","datePublished":"2022-05-07","dateModified":"2022-05-07","author":{"@type":"Person","@id":"https:\/\/www.e-w.cz\/author\/#Person","name":"","url":"https:\/\/www.e-w.cz\/author\/","identifier":1,"image":{"@type":"ImageObject","@id":"https:\/\/secure.gravatar.com\/avatar\/188853cc08cfc4af3f5ef42e51d7aa754653be0300e41daf30a10471d44d4592?s=96&d=mm&r=g","url":"https:\/\/secure.gravatar.com\/avatar\/188853cc08cfc4af3f5ef42e51d7aa754653be0300e41daf30a10471d44d4592?s=96&d=mm&r=g","height":96,"width":96}},"publisher":{"@type":"Organization","name":"e-w.cz","logo":{"@type":"ImageObject","@id":"\/logo.png","url":"\/logo.png","width":600,"height":60}},"image":{"@type":"ImageObject","@id":"https:\/\/www.e-w.cz\/wp-content\/uploads\/pexels-karolina-grabowska-4386431_4.jpg","url":"https:\/\/www.e-w.cz\/wp-content\/uploads\/pexels-karolina-grabowska-4386431_4.jpg","height":0,"width":0},"url":"https:\/\/www.e-w.cz\/retro-nabytek\/","about":["\u017dena"],"wordCount":472,"articleBody":"   Star\u00fd p\u0159\u00edborn\u00edk Svetpokladu je velmi p\u011bkn\u00e1 dekorace, a\u0165 u\u017e se jedn\u00e1 o nov\u00fd nebo star\u00fd interi\u00e9r. V\u00edte, v dne\u0161n\u00ed dob\u011b se u\u017e tak moc extra nehraje na to, jak m\u00e1te za\u0159\u00edzen\u00fd interi\u00e9r. Dnes je pr\u00e1ce docela in m\u00edt doma kus moderny, ale k tomu i n\u011bco retro nebo n\u011bco star\u00e9. V\u017edy\u0165 to tak n\u011bjak podobn\u011b d\u011blaj\u00ed i nev\u011bsty, ne? Mus\u00ed m\u00edt n\u011bco modr\u00e9ho a star\u00e9ho, proto se v\u011bt\u0161inou d\u00e1v\u00e1 modr\u00fd podvazek a star\u00e1 ozdobn\u00e1 spona nebo \u0161perk po babi\u010dce. Nev\u00edm, jestli to plat\u00ed st\u00e1le, ale d\u0159\u00edve to tak bylo a moje maminka to tak je\u0161t\u011b d\u011blala. Nicm\u00e9n\u011b star\u00fd p\u0159\u00edborn\u00edk m\u016f\u017ee vypadat doma opravdu luxusn\u011b. Mysl\u00edm, \u017ee ka\u017ed\u00fd \u010dlov\u011bk by cht\u011bl m\u00edt doma n\u011bco extra a mysl\u00edm, \u017ee star\u00fd p\u0159\u00edborn\u00edk je p\u0159esn\u011b to prav\u00e9, co doma lidem chyb\u00ed. Nev\u00edm jak vy, ale m\u011b se star\u00fd n\u00e1bytek moc l\u00edb\u00ed. Nav\u00edc co t\u0159eba n\u011bco star\u00e9ho renovovat? Renovace v\u011bc\u00ed je hodn\u011b z\u00e1bavn\u00e1 a mysl\u00edm, \u017ee to m\u016f\u017ee b\u00fdt http:\/\/www.ikea.com\/cz\/cs\/catalog\/products\/80352036\/  i velmi zaj\u00edmav\u00fd kon\u00ed\u010dek. J\u00e1 sama jsme p\u00e1rkr\u00e1t renovovala \u017eidle a mus\u00edm \u0159\u00edct, \u017ee se mi to dost povedlo.Byla jsem nad\u0161en\u00e1, \u017ee se mi to poda\u0159ilo. Star\u00fd p\u0159\u00edborn\u00edk jsme ale je\u0161t\u011b nerenovovala a mysl\u00edm, \u017ee bych se do toho rad\u011bji ani nepou\u0161t\u011bla. P\u0159eci jen je to velk\u00e1 rarita. Zn\u00e1m jeden, takov\u00fd velk\u00fd a robustn\u00ed star\u00fd p\u0159\u00edborn\u00edk. Je kr\u00e1sn\u011b barevn\u00fd, ale barva je u\u017e docela dost opr\u00fdskan\u00e1. Ale to je v\u011bkem a pat\u0159\u00ed to k tomu. \u0158\u00edk\u00e1 se tomu patina a mysl\u00edm, \u017ee by zase ale byla velk\u00e1 \u0161koda tu patinu ni\u010dit a ud\u011blat z toho renovac\u00ed p\u0159\u00edborn\u00edku, kter\u00fd je star\u00fd tak sto let. Moje prarodi\u010de ho m\u011bli taky a mysl\u00edm, \u017ee v t\u00e9 dob\u011b nebyla snad ani jedna rodina, kter\u00fd by star\u00fd p\u0159\u00edborn\u00edk nem\u011bla. Mysl\u00edm, \u017ee v t\u00e9 dob\u011b to bylo \u00fapln\u011b norm\u00e1ln\u00ed, jako nyn\u00ed t\u0159eba su\u0161i\u010dka nebo my\u010dka n\u00e1dob\u00ed. A co vy? V\u00e1m se l\u00edb\u00ed star\u00e9 v\u011bci nebo t\u0159eba star\u00fd p\u0159\u00edborn\u00edk? Podle m\u011b je to velmi p\u011bkn\u00fd dopln\u011bk a nemus\u00ed b\u00fdt jen v kuchyni, ale t\u0159eba jak v ob\u00fdv\u00e1ku, tak i v chodb\u011b. A kde star\u00fd p\u0159\u00edborn\u00edk po\u0159\u00edd\u00edte? Ur\u010dit\u011b na v\u0161ech aukc\u00edch nebo bazarech s retro n\u00e1bytkem. Jen mus\u00edte dob\u0159e hledat.                                                                                                                                                                                                                                                                                                                                                                                                  "},{"@context":"https:\/\/schema.org\/","@type":"BreadcrumbList","itemListElement":[{"@type":"ListItem","position":1,"name":"Retro n\u00e1bytek","item":"https:\/\/www.e-w.cz\/retro-nabytek\/#breadcrumbitem"}]}]