[{"@context":"https:\/\/schema.org\/","@type":"Blog","@id":"https:\/\/www.e-w.cz#Blog","headline":"E-W","description":"\nJestli n\u011bco pot\u0159ebujete sehnat na internetu, ale boj\u00edte se, \u017ee byste si mohli u\u0161kodit, neponech\u00e1vejte nic n\u00e1hod\u011b a vyu\u017eijte nab\u00eddku na\u0161eho webu.","url":"https:\/\/www.e-w.cz","hasPart":[{"@type":"Article","@id":"https:\/\/www.e-w.cz\/dum-bez-vody\/","headline":"D\u016fm bez vody?","url":"https:\/\/www.e-w.cz\/dum-bez-vody\/","datePublished":"2023-04-29","dateModified":"2023-05-31","mainEntityOfPage":"https:\/\/www.e-w.cz\/dum-bez-vody\/","author":{"@type":"Person","@id":"https:\/\/www.e-w.cz\/author\/#Person","name":"","url":"https:\/\/www.e-w.cz\/author\/","identifier":1,"image":{"@type":"ImageObject","@id":"https:\/\/secure.gravatar.com\/avatar\/188853cc08cfc4af3f5ef42e51d7aa754653be0300e41daf30a10471d44d4592?s=96&d=mm&r=g","url":"https:\/\/secure.gravatar.com\/avatar\/188853cc08cfc4af3f5ef42e51d7aa754653be0300e41daf30a10471d44d4592?s=96&d=mm&r=g","height":96,"width":96}},"publisher":{"@type":"Organization","name":"e-w.cz","logo":{"@type":"ImageObject","@id":"\/logo.png","url":"\/logo.png","width":600,"height":60}},"image":{"@type":"ImageObject","@id":"https:\/\/www.e-w.cz\/wp-content\/uploads\/pexels-becerra-govea-photo-15671485.jpg","url":"https:\/\/www.e-w.cz\/wp-content\/uploads\/pexels-becerra-govea-photo-15671485.jpg","height":0,"width":0},"wordCount":520,"keywords":null},{"@type":"Article","@id":"https:\/\/www.e-w.cz\/pujcujeme-automobily-dodavky-a-ruzna-vozidla-nejen-po-cele-cr-ale-i-po-evrope\/","headline":"P\u016fj\u010dujeme automobily, dod\u00e1vky a r\u016fzn\u00e1 vozidla nejen po cel\u00e9 \u010cR ale i po Evrop\u011b","url":"https:\/\/www.e-w.cz\/pujcujeme-automobily-dodavky-a-ruzna-vozidla-nejen-po-cele-cr-ale-i-po-evrope\/","datePublished":"2023-04-22","dateModified":"2023-05-31","mainEntityOfPage":"https:\/\/www.e-w.cz\/pujcujeme-automobily-dodavky-a-ruzna-vozidla-nejen-po-cele-cr-ale-i-po-evrope\/","author":{"@type":"Person","@id":"https:\/\/www.e-w.cz\/author\/#Person","name":"","url":"https:\/\/www.e-w.cz\/author\/","identifier":1,"image":{"@type":"ImageObject","@id":"https:\/\/secure.gravatar.com\/avatar\/188853cc08cfc4af3f5ef42e51d7aa754653be0300e41daf30a10471d44d4592?s=96&d=mm&r=g","url":"https:\/\/secure.gravatar.com\/avatar\/188853cc08cfc4af3f5ef42e51d7aa754653be0300e41daf30a10471d44d4592?s=96&d=mm&r=g","height":96,"width":96}},"publisher":{"@type":"Organization","name":"e-w.cz","logo":{"@type":"ImageObject","@id":"\/logo.png","url":"\/logo.png","width":600,"height":60}},"image":{"@type":"ImageObject","@id":"https:\/\/www.e-w.cz\/wp-content\/uploads\/van-3676_960_720_4.jpg","url":"https:\/\/www.e-w.cz\/wp-content\/uploads\/van-3676_960_720_4.jpg","height":0,"width":0},"wordCount":570,"keywords":null},{"@type":"Article","@id":"https:\/\/www.e-w.cz\/moderni-bryle\/","headline":"Modern\u00ed br\u00fdle","url":"https:\/\/www.e-w.cz\/moderni-bryle\/","datePublished":"2023-04-19","dateModified":"2023-05-19","mainEntityOfPage":"https:\/\/www.e-w.cz\/moderni-bryle\/","author":{"@type":"Person","@id":"https:\/\/www.e-w.cz\/author\/#Person","name":"","url":"https:\/\/www.e-w.cz\/author\/","identifier":1,"image":{"@type":"ImageObject","@id":"https:\/\/secure.gravatar.com\/avatar\/188853cc08cfc4af3f5ef42e51d7aa754653be0300e41daf30a10471d44d4592?s=96&d=mm&r=g","url":"https:\/\/secure.gravatar.com\/avatar\/188853cc08cfc4af3f5ef42e51d7aa754653be0300e41daf30a10471d44d4592?s=96&d=mm&r=g","height":96,"width":96}},"publisher":{"@type":"Organization","name":"e-w.cz","logo":{"@type":"ImageObject","@id":"\/logo.png","url":"\/logo.png","width":600,"height":60}},"image":{"@type":"ImageObject","@id":"https:\/\/www.e-w.cz\/wp-content\/uploads\/woman-2171870_960_720_2.jpg","url":"https:\/\/www.e-w.cz\/wp-content\/uploads\/woman-2171870_960_720_2.jpg","height":0,"width":0},"wordCount":590,"keywords":null},{"@type":"Article","@id":"https:\/\/www.e-w.cz\/to-nejlepsi-bydleni-pro-vas\/","headline":"To nejlep\u0161\u00ed bydlen\u00ed pro v\u00e1s","url":"https:\/\/www.e-w.cz\/to-nejlepsi-bydleni-pro-vas\/","datePublished":"2023-04-18","dateModified":"2023-05-18","mainEntityOfPage":"https:\/\/www.e-w.cz\/to-nejlepsi-bydleni-pro-vas\/","author":{"@type":"Person","@id":"https:\/\/www.e-w.cz\/author\/#Person","name":"","url":"https:\/\/www.e-w.cz\/author\/","identifier":1,"image":{"@type":"ImageObject","@id":"https:\/\/secure.gravatar.com\/avatar\/188853cc08cfc4af3f5ef42e51d7aa754653be0300e41daf30a10471d44d4592?s=96&d=mm&r=g","url":"https:\/\/secure.gravatar.com\/avatar\/188853cc08cfc4af3f5ef42e51d7aa754653be0300e41daf30a10471d44d4592?s=96&d=mm&r=g","height":96,"width":96}},"publisher":{"@type":"Organization","name":"e-w.cz","logo":{"@type":"ImageObject","@id":"\/logo.png","url":"\/logo.png","width":600,"height":60}},"image":{"@type":"ImageObject","@id":"https:\/\/www.e-w.cz\/wp-content\/uploads\/house-gb5cb7faf8_1920.jpg","url":"https:\/\/www.e-w.cz\/wp-content\/uploads\/house-gb5cb7faf8_1920.jpg","height":0,"width":0},"wordCount":562,"keywords":null},{"@type":"Article","@id":"https:\/\/www.e-w.cz\/pevne-stany\/","headline":"Pevn\u00e9 stany","url":"https:\/\/www.e-w.cz\/pevne-stany\/","datePublished":"2023-04-15","dateModified":"2023-05-18","mainEntityOfPage":"https:\/\/www.e-w.cz\/pevne-stany\/","author":{"@type":"Person","@id":"https:\/\/www.e-w.cz\/author\/#Person","name":"","url":"https:\/\/www.e-w.cz\/author\/","identifier":1,"image":{"@type":"ImageObject","@id":"https:\/\/secure.gravatar.com\/avatar\/188853cc08cfc4af3f5ef42e51d7aa754653be0300e41daf30a10471d44d4592?s=96&d=mm&r=g","url":"https:\/\/secure.gravatar.com\/avatar\/188853cc08cfc4af3f5ef42e51d7aa754653be0300e41daf30a10471d44d4592?s=96&d=mm&r=g","height":96,"width":96}},"publisher":{"@type":"Organization","name":"e-w.cz","logo":{"@type":"ImageObject","@id":"\/logo.png","url":"\/logo.png","width":600,"height":60}},"image":{"@type":"ImageObject","@id":"https:\/\/www.e-w.cz\/wp-content\/uploads\/party-5998464_960_720_1.jpg","url":"https:\/\/www.e-w.cz\/wp-content\/uploads\/party-5998464_960_720_1.jpg","height":0,"width":0},"wordCount":536,"keywords":null},{"@type":"Article","@id":"https:\/\/www.e-w.cz\/je-to-o-tom-na-cem-lezite-a-spite\/","headline":"Je to o tom, na \u010dem le\u017e\u00edte a sp\u00edte","url":"https:\/\/www.e-w.cz\/je-to-o-tom-na-cem-lezite-a-spite\/","datePublished":"2023-04-11","dateModified":"2024-04-15","mainEntityOfPage":"https:\/\/www.e-w.cz\/je-to-o-tom-na-cem-lezite-a-spite\/","author":{"@type":"Person","@id":"https:\/\/www.e-w.cz\/author\/#Person","name":"","url":"https:\/\/www.e-w.cz\/author\/","identifier":1,"image":{"@type":"ImageObject","@id":"https:\/\/secure.gravatar.com\/avatar\/188853cc08cfc4af3f5ef42e51d7aa754653be0300e41daf30a10471d44d4592?s=96&d=mm&r=g","url":"https:\/\/secure.gravatar.com\/avatar\/188853cc08cfc4af3f5ef42e51d7aa754653be0300e41daf30a10471d44d4592?s=96&d=mm&r=g","height":96,"width":96}},"publisher":{"@type":"Organization","name":"e-w.cz","logo":{"@type":"ImageObject","@id":"\/logo.png","url":"\/logo.png","width":600,"height":60}},"image":null,"wordCount":469,"keywords":null},{"@type":"Article","@id":"https:\/\/www.e-w.cz\/soucasne-modni-trendy\/","headline":"Sou\u010dasn\u00e9 m\u00f3dn\u00ed trendy","url":"https:\/\/www.e-w.cz\/soucasne-modni-trendy\/","datePublished":"2023-04-07","dateModified":"2023-04-07","mainEntityOfPage":"https:\/\/www.e-w.cz\/soucasne-modni-trendy\/","author":{"@type":"Person","@id":"https:\/\/www.e-w.cz\/author\/#Person","name":"","url":"https:\/\/www.e-w.cz\/author\/","identifier":1,"image":{"@type":"ImageObject","@id":"https:\/\/secure.gravatar.com\/avatar\/188853cc08cfc4af3f5ef42e51d7aa754653be0300e41daf30a10471d44d4592?s=96&d=mm&r=g","url":"https:\/\/secure.gravatar.com\/avatar\/188853cc08cfc4af3f5ef42e51d7aa754653be0300e41daf30a10471d44d4592?s=96&d=mm&r=g","height":96,"width":96}},"publisher":{"@type":"Organization","name":"e-w.cz","logo":{"@type":"ImageObject","@id":"\/logo.png","url":"\/logo.png","width":600,"height":60}},"image":{"@type":"ImageObject","@id":"https:\/\/www.e-w.cz\/wp-content\/uploads\/woman-1466631_1280.jpg","url":"https:\/\/www.e-w.cz\/wp-content\/uploads\/woman-1466631_1280.jpg","height":0,"width":0},"wordCount":503,"keywords":null},{"@type":"Article","@id":"https:\/\/www.e-w.cz\/nuzkovy-party-stan-pro-vasi-prezentaci\/","headline":"N\u016f\u017ekov\u00fd p\u00e1rty stan pro va\u0161i prezentaci","url":"https:\/\/www.e-w.cz\/nuzkovy-party-stan-pro-vasi-prezentaci\/","datePublished":"2023-03-27","dateModified":"2023-04-27","mainEntityOfPage":"https:\/\/www.e-w.cz\/nuzkovy-party-stan-pro-vasi-prezentaci\/","author":{"@type":"Person","@id":"https:\/\/www.e-w.cz\/author\/#Person","name":"","url":"https:\/\/www.e-w.cz\/author\/","identifier":1,"image":{"@type":"ImageObject","@id":"https:\/\/secure.gravatar.com\/avatar\/188853cc08cfc4af3f5ef42e51d7aa754653be0300e41daf30a10471d44d4592?s=96&d=mm&r=g","url":"https:\/\/secure.gravatar.com\/avatar\/188853cc08cfc4af3f5ef42e51d7aa754653be0300e41daf30a10471d44d4592?s=96&d=mm&r=g","height":96,"width":96}},"publisher":{"@type":"Organization","name":"e-w.cz","logo":{"@type":"ImageObject","@id":"\/logo.png","url":"\/logo.png","width":600,"height":60}},"image":{"@type":"ImageObject","@id":"https:\/\/www.e-w.cz\/wp-content\/uploads\/tent-g50c55e296_640.jpg","url":"https:\/\/www.e-w.cz\/wp-content\/uploads\/tent-g50c55e296_640.jpg","height":0,"width":0},"wordCount":518,"keywords":null},{"@type":"Article","@id":"https:\/\/www.e-w.cz\/proc-je-nerezove-zabradli-nadcasove\/","headline":"Pro\u010d je nerezov\u00e9 z\u00e1bradl\u00ed nad\u010dasov\u00e9","url":"https:\/\/www.e-w.cz\/proc-je-nerezove-zabradli-nadcasove\/","datePublished":"2023-03-25","dateModified":"2023-04-26","mainEntityOfPage":"https:\/\/www.e-w.cz\/proc-je-nerezove-zabradli-nadcasove\/","author":{"@type":"Person","@id":"https:\/\/www.e-w.cz\/author\/#Person","name":"","url":"https:\/\/www.e-w.cz\/author\/","identifier":1,"image":{"@type":"ImageObject","@id":"https:\/\/secure.gravatar.com\/avatar\/188853cc08cfc4af3f5ef42e51d7aa754653be0300e41daf30a10471d44d4592?s=96&d=mm&r=g","url":"https:\/\/secure.gravatar.com\/avatar\/188853cc08cfc4af3f5ef42e51d7aa754653be0300e41daf30a10471d44d4592?s=96&d=mm&r=g","height":96,"width":96}},"publisher":{"@type":"Organization","name":"e-w.cz","logo":{"@type":"ImageObject","@id":"\/logo.png","url":"\/logo.png","width":600,"height":60}},"image":{"@type":"ImageObject","@id":"https:\/\/www.e-w.cz\/wp-content\/uploads\/railing-g303e1edd0_640.jpg","url":"https:\/\/www.e-w.cz\/wp-content\/uploads\/railing-g303e1edd0_640.jpg","height":0,"width":0},"wordCount":558,"keywords":null},{"@type":"Article","@id":"https:\/\/www.e-w.cz\/tonovana-skla-v-aute-dobre-vypadaji\/","headline":"T\u00f3novan\u00e1 skla v aut\u011b dob\u0159e vypadaj\u00ed","url":"https:\/\/www.e-w.cz\/tonovana-skla-v-aute-dobre-vypadaji\/","datePublished":"2023-03-25","dateModified":"2023-06-13","mainEntityOfPage":"https:\/\/www.e-w.cz\/tonovana-skla-v-aute-dobre-vypadaji\/","author":{"@type":"Person","@id":"https:\/\/www.e-w.cz\/author\/#Person","name":"","url":"https:\/\/www.e-w.cz\/author\/","identifier":1,"image":{"@type":"ImageObject","@id":"https:\/\/secure.gravatar.com\/avatar\/188853cc08cfc4af3f5ef42e51d7aa754653be0300e41daf30a10471d44d4592?s=96&d=mm&r=g","url":"https:\/\/secure.gravatar.com\/avatar\/188853cc08cfc4af3f5ef42e51d7aa754653be0300e41daf30a10471d44d4592?s=96&d=mm&r=g","height":96,"width":96}},"publisher":{"@type":"Organization","name":"e-w.cz","logo":{"@type":"ImageObject","@id":"\/logo.png","url":"\/logo.png","width":600,"height":60}},"image":{"@type":"ImageObject","@id":"https:\/\/www.e-w.cz\/wp-content\/uploads\/highway-gf8c2d16ac_640.jpg","url":"https:\/\/www.e-w.cz\/wp-content\/uploads\/highway-gf8c2d16ac_640.jpg","height":0,"width":0},"wordCount":518,"keywords":null}]},{"@context":"https:\/\/schema.org","@type":"WebSite","@id":"https:\/\/www.e-w.cz\/#website","name":"E-W","url":"https:\/\/www.e-w.cz","potentialAction":{"@type":"SearchAction","target":"https:\/\/www.e-w.cz\/?s={search_term_string}","query-input":"required name=search_term_string"}}]