[{"@context":"https:\/\/schema.org\/","@type":"Article","@id":"https:\/\/www.e-w.cz\/jsme-i-na-facebooku\/#Article","mainEntityOfPage":"https:\/\/www.e-w.cz\/jsme-i-na-facebooku\/","headline":"Jsme i na Facebooku","name":"Jsme i na Facebooku","description":"Pokud chcete vid\u011bt co nejv\u00edce domov\u016f, kter\u00e9 se inspirovali t\u00edmto \u010d\u00ednsk\u00fdm um\u011bn\u00edm, potom nev\u00e1hejte a p\u0159idejte si n\u00e1s do obl\u00edben\u00fdch na Facebooku. Na na\u0161ich Facebookov\u00fdch str\u00e1nk\u00e1ch pravideln\u011b zve\u0159ej\u0148ujeme nejen to, jak se hod\u00ed feng \u0161uej obrazy do r\u016fzn\u00fdch interi\u00e9r\u016f, ale i jin\u00e9 produkty, kter\u00e9 si rozhodn\u011b zamilujete. Tak nev\u00e1hejte a nav\u0161tivte na\u0161e internetov\u00e9 str\u00e1nky, na [&hellip;]","datePublished":"2023-10-22","dateModified":"2023-10-22","author":{"@type":"Person","@id":"https:\/\/www.e-w.cz\/author\/#Person","name":"","url":"https:\/\/www.e-w.cz\/author\/","identifier":1,"image":{"@type":"ImageObject","@id":"https:\/\/secure.gravatar.com\/avatar\/188853cc08cfc4af3f5ef42e51d7aa754653be0300e41daf30a10471d44d4592?s=96&d=mm&r=g","url":"https:\/\/secure.gravatar.com\/avatar\/188853cc08cfc4af3f5ef42e51d7aa754653be0300e41daf30a10471d44d4592?s=96&d=mm&r=g","height":96,"width":96}},"publisher":{"@type":"Organization","name":"e-w.cz","logo":{"@type":"ImageObject","@id":"\/logo.png","url":"\/logo.png","width":600,"height":60}},"url":"https:\/\/www.e-w.cz\/jsme-i-na-facebooku\/","wordCount":227,"articleBody":"Pokud chcete vid\u011bt co nejv\u00edce domov\u016f, kter\u00e9 se inspirovali t\u00edmto \u010d\u00ednsk\u00fdm um\u011bn\u00edm, potom nev\u00e1hejte a p\u0159idejte si n\u00e1s do obl\u00edben\u00fdch na Facebooku. Na na\u0161ich Facebookov\u00fdch str\u00e1nk\u00e1ch pravideln\u011b zve\u0159ej\u0148ujeme nejen to, jak se hod\u00ed feng \u0161uej obrazy do r\u016fzn\u00fdch interi\u00e9r\u016f, ale i jin\u00e9 produkty, kter\u00e9 si rozhodn\u011b zamilujete. Tak nev\u00e1hejte a nav\u0161tivte na\u0161e internetov\u00e9 str\u00e1nky, na kter\u00fdch se m\u016f\u017eete p\u0159ihl\u00e1sit na tuto soci\u00e1ln\u00ed s\u00edt a inspirovat se mnoha a mnoha interi\u00e9ry, kter\u00e9 V\u00e1m zde vystavujeme. A\u0165 u\u017e si chcete upravit V\u00e1\u0161 ob\u00fdvac\u00ed pokoj, dom\u00e1c\u00ed kancel\u00e1\u0159 \u010di zahradu, v\u011b\u0159\u00edme, \u017ee u n\u00e1s na\u010derp\u00e1te inspiraci a b\u011bhem p\u00e1r okam\u017eik\u016f budete v\u011bd\u011bt, jak\u00e9 produkty si po\u0159\u00eddit, kter\u00e9 budou spl\u0148ovat v\u0161echny Va\u0161e po\u017eadavky.Nejlep\u0161\u00ed design\u00e9\u0159iNa na\u0161e internetov\u00e9 str\u00e1nky p\u0159id\u00e1vaj\u00ed p\u0159\u00edsp\u011bvky pouze ti nejlep\u0161\u00ed design\u00e9\u0159i z cel\u00e9 \u010cesk\u00e9 republiky, proto pokud si za\u0159izujete m\u00edstnosti a hled\u00e1te n\u011bjakou inspiraci, potom rozhodn\u011b nav\u0161tivte na\u0161e webov\u00e9 str\u00e1nky, na kter\u00fdch naleznete obrovsk\u00e9 mno\u017estv\u00ed fotografi\u00ed, jak by interi\u00e9r Va\u0161eho domova mohl vypadat. Naleznete zde i r\u016fzn\u00e9 feng \u0161uej obrazy.                                                                                                                                                                                                                                                                                                                                                                                                "},{"@context":"https:\/\/schema.org\/","@type":"BreadcrumbList","itemListElement":[{"@type":"ListItem","position":1,"name":"Jsme i na Facebooku","item":"https:\/\/www.e-w.cz\/jsme-i-na-facebooku\/#breadcrumbitem"}]}]