[{"@context":"https:\/\/schema.org\/","@type":"Article","@id":"https:\/\/www.e-w.cz\/co-by-vam-bytovy-architekt-mohl-poradit\/#Article","mainEntityOfPage":"https:\/\/www.e-w.cz\/co-by-vam-bytovy-architekt-mohl-poradit\/","headline":"Co by v\u00e1m bytov\u00fd architekt mohl poradit","name":"Co by v\u00e1m bytov\u00fd architekt mohl poradit","description":"Uva\u017eujete o vyu\u017eit\u00ed slu\u017eby bytov\u00e9ho architekta By design a nem\u00e1te dosud jasno v n\u011bkter\u00fdch z\u00e1le\u017eitostech? Na co byste m\u011bli zam\u011b\u0159it pozornost je\u0161t\u011b p\u0159ed t\u00edm, ne\u017e jej oslov\u00edte? M\u011bjte jasno ve stylu \u2013 n\u011bkte\u0159\u00ed lid\u00e9 se nedovedou rozhodnout, v jak\u00e9m stylu si nechat navrhnout viz\u00e1\u017e bytov\u00e9ho interi\u00e9ru, a st\u0159\u00eddav\u011b se p\u0159ikl\u00e1n\u00ed k rustik\u00e1lu, k modern\u011b, k [&hellip;]","datePublished":"2023-09-30","dateModified":"2023-10-31","author":{"@type":"Person","@id":"https:\/\/www.e-w.cz\/author\/#Person","name":"","url":"https:\/\/www.e-w.cz\/author\/","identifier":1,"image":{"@type":"ImageObject","@id":"https:\/\/secure.gravatar.com\/avatar\/188853cc08cfc4af3f5ef42e51d7aa754653be0300e41daf30a10471d44d4592?s=96&d=mm&r=g","url":"https:\/\/secure.gravatar.com\/avatar\/188853cc08cfc4af3f5ef42e51d7aa754653be0300e41daf30a10471d44d4592?s=96&d=mm&r=g","height":96,"width":96}},"publisher":{"@type":"Organization","name":"e-w.cz","logo":{"@type":"ImageObject","@id":"\/logo.png","url":"\/logo.png","width":600,"height":60}},"image":{"@type":"ImageObject","@id":"https:\/\/www.e-w.cz\/wp-content\/uploads\/wall-panel-416041_640_3.jpg","url":"https:\/\/www.e-w.cz\/wp-content\/uploads\/wall-panel-416041_640_3.jpg","height":0,"width":0},"url":"https:\/\/www.e-w.cz\/co-by-vam-bytovy-architekt-mohl-poradit\/","about":["Domov"],"wordCount":404,"articleBody":"   Uva\u017eujete o vyu\u017eit\u00ed slu\u017eby bytov\u00e9ho architekta By design a nem\u00e1te dosud jasno v n\u011bkter\u00fdch z\u00e1le\u017eitostech? Na co byste m\u011bli zam\u011b\u0159it pozornost je\u0161t\u011b p\u0159ed t\u00edm, ne\u017e jej oslov\u00edte?M\u011bjte jasno ve stylu \u2013 n\u011bkte\u0159\u00ed lid\u00e9 se nedovedou rozhodnout, v jak\u00e9m stylu si nechat navrhnout viz\u00e1\u017e bytov\u00e9ho interi\u00e9ru, a st\u0159\u00eddav\u011b se p\u0159ikl\u00e1n\u00ed k rustik\u00e1lu, k modern\u011b, k retro stylu, k napodoben\u00ed secese nebo renesance se staro\u017eitn\u00fdm n\u00e1bytkem, a to m\u016f\u017ee zp\u016fsobit zbyte\u010dn\u00fd chaos a vnit\u0159n\u00ed trauma. Ne\u017e oslov\u00edte architekta, sna\u017ete se ujasnit, co vlastn\u011b chcete a nem\u00edchejte v\u00edce styl\u016f do sebe, nevypadalo by to dob\u0159e.Preference barev \u2013 barvy jsou velmi d\u016fle\u017eit\u00e9 v podstat\u011b v\u0161ude, vn\u00edm\u00e1me je na sv\u00e9m oble\u010den\u00ed, na n\u00e1bytku, na spot\u0159ebi\u010d\u00edch, na malb\u011b bytu, v interi\u00e9ru auta, na pracovi\u0161ti, ve m\u011bst\u011b na ulici, a nelze se jim vyhnout. Uv\u011bdomte si pouze, \u017ee \u010dern\u00e1 a \u0161ed\u00e1 nejsou barvy, ve skute\u010dnosti nejsou sou\u010d\u00e1st\u00ed barevn\u00e9ho spektra a pouze barvu blokuj\u00ed. S p\u0159evahou \u010dern\u00e9 a \u0161ed\u00e9 a stejn\u011b tak u ponur\u00fdch barevn\u00fdch odst\u00edn\u016f se m\u016f\u017eete c\u00edtit nep\u0159\u00edjemn\u011b a propadat i depres\u00edm. Vhodn\u00e9 je proto d\u00e1t p\u0159ednost barv\u00e1m pastelov\u00fdm a vhodn\u011b a vkusn\u011b je kombinovat.Prakti\u010dnost a pohodl\u00ed \u2013 bytov\u00fd architekt by m\u011bl um\u011bt zvl\u00e1dnout skloubit praktickou str\u00e1nku v\u011bci s estetikou. To je tak\u00e9 asi to nejobt\u00ed\u017en\u011bj\u0161\u00ed, proto\u017ee mus\u00ed pracovat s t\u00edm, co m\u00e1 k dispozici, a pohybovat se v mez\u00edch, kter\u00e9 mu klient i samotn\u00e9 prost\u0159ed\u00ed umo\u017en\u00ed. Design\u00e9\u0159i ale znaj\u00ed spoustu \u201ef\u00edgl\u016f\u201c, s nimi\u017e v\u00e1s mohou velmi p\u0159\u00edjemn\u011b p\u0159ekvapit.Skladi\u0161t\u011b nebo voln\u00fd prostor \u2013 m\u00e1te rad\u011bji byt ve stylu \u00fatuln\u00e9ho skladi\u0161t\u011b v\u011bc\u00ed, anebo preferujete vzdu\u0161nost. Toto si tak\u00e9 p\u0159edem vyjasn\u011bte, zda popt\u00e1vat u architekta rad\u011bji minimalistick\u00fd styl, nebo naopak b\u00fdt sp\u00ed\u0161e konzervativn\u00ed a v\u011brn\u00fd tradic\u00edm na\u0161ich p\u0159edk\u016f, kte\u0159\u00ed m\u011bli v ob\u00fdv\u00e1ku n\u00e1bytek a\u017e ke stropu. Architekt v\u00e1m tak\u00e9 m\u016f\u017ee navrhnout kompromis \u2013 n\u011bco mezi t\u00edm a ur\u010ditou kombinaci t\u011bchto dvou extr\u00e9m\u016f.                                                                                                                                                                                                                                                                                                                                                                                                   "},{"@context":"https:\/\/schema.org\/","@type":"BreadcrumbList","itemListElement":[{"@type":"ListItem","position":1,"name":"Co by v\u00e1m bytov\u00fd architekt mohl poradit","item":"https:\/\/www.e-w.cz\/co-by-vam-bytovy-architekt-mohl-poradit\/#breadcrumbitem"}]}]